{"id":861,"date":"2011-06-14T00:00:00","date_gmt":"2011-06-14T00:00:00","guid":{"rendered":"https:\/\/ens4-caba.infd.edu.ar\/sitio\/educacion-por-el-arte\/"},"modified":"2011-06-14T00:00:00","modified_gmt":"2011-06-14T00:00:00","slug":"educacion-por-el-arte","status":"publish","type":"post","link":"https:\/\/ens4-caba.infd.edu.ar\/sitio\/educacion-por-el-arte\/","title":{"rendered":"Educaci\u00f3n por el arte"},"content":{"rendered":"<p class=\"sitio_noticia_volanta\" >Charla en la ENS 4<\/p>\n<h3>Educaci\u00f3n por el arte<\/h3>\n<p class=\"sitio_noticia_copete\" >A cargo de Adelaida Mangani  Directora de T\u00edteres del Teatro San Mart\u00edn<\/p>\n<hr class=\"sitio_noticia_contenido\" \/>\n<p ><span style=\"color: #000000; font-family: Verdana; font-size: 10pt;\"> <\/p>\n<p style=\"text-align: center;\"><strong>LA ASOCIACI&Oacute;N DE<\/strong><strong> EX ALUMNAS DE LA ENS N&ordm; 4<\/strong><strong>&nbsp;<\/strong><\/p>\n<p style=\"text-align: center;\"><strong>INVITA<\/strong><\/p>\n<p style=\"text-align: center;\"><strong>A la charla sobre <\/strong><\/p>\n<p style=\"text-align: center;\"><strong>EDUCACION POR EL ARTE<\/strong><\/p>\n<p style=\"text-align: center;\"><strong>que&nbsp;ofrecer&aacute;&nbsp;la ex alumna <\/strong><\/p>\n<p style=\"text-align: center;\"><strong>ADELAIDA MANGANI<\/strong><\/p>\n<p style=\"text-align: center;\"><strong>DIRECTORA DE T&Iacute;TERES DEL TEATRO SAN MART&Iacute;N<\/strong><\/p>\n<p>&nbsp;&nbsp;&nbsp;&nbsp;&nbsp;&nbsp;&nbsp;&nbsp;&nbsp;&nbsp; Martes 14 de junio &ndash; 18 horas&nbsp;&nbsp;&nbsp;&nbsp;&nbsp;&nbsp;&nbsp;&nbsp;&nbsp;&nbsp;&nbsp;&nbsp;&nbsp;&nbsp; Biblioteca de la Escuela<\/p>\n<p>&nbsp;&nbsp;&nbsp;&nbsp;&nbsp;&nbsp;&nbsp;&nbsp;&nbsp;&nbsp;&nbsp;&nbsp;&nbsp;&nbsp;&nbsp;&nbsp;&nbsp; Av. Rivadavia 4950&nbsp;&nbsp;&nbsp;&nbsp;&nbsp;&nbsp;&nbsp;&nbsp;&nbsp;&nbsp;&nbsp;&nbsp;&nbsp;&nbsp;&nbsp;&nbsp;&nbsp;&nbsp;&nbsp;&nbsp;&nbsp;&nbsp;&nbsp;&nbsp;&nbsp;&nbsp;&nbsp;&nbsp;&nbsp;&nbsp; Subsuelo<\/p>\n<p style=\"text-align: center;\">Entrada Libre y Gratuira<\/p>\n<p><\/span><\/p>\n","protected":false},"excerpt":{"rendered":"<p>Charla en la ENS 4 Educaci\u00f3n por el arte A cargo de Adelaida Mangani Directora de T\u00edteres del Teatro San Mart\u00edn LA ASOCIACI&Oacute;N DE EX ALUMNAS DE LA ENS N&ordm; 4&nbsp; INVITA A la charla sobre EDUCACION POR EL ARTE que&nbsp;ofrecer&aacute;&nbsp;la ex alumna ADELAIDA MANGANI DIRECTORA DE T&Iacute;TERES DEL TEATRO SAN MART&Iacute;N &nbsp;&nbsp;&nbsp;&nbsp;&nbsp;&nbsp;&nbsp;&nbsp;&nbsp;&nbsp; Martes 14 &#8230; <a title=\"Educaci\u00f3n por el arte\" class=\"read-more\" href=\"https:\/\/ens4-caba.infd.edu.ar\/sitio\/educacion-por-el-arte\/\" aria-label=\"More on Educaci\u00f3n por el arte\">[+]<\/a><\/p>\n","protected":false},"author":2006,"featured_media":0,"comment_status":"open","ping_status":"open","sticky":false,"template":"","format":"standard","meta":[],"categories":[7,6],"tags":[],"acf":[],"_links":{"self":[{"href":"https:\/\/ens4-caba.infd.edu.ar\/sitio\/wp-json\/wp\/v2\/posts\/861"}],"collection":[{"href":"https:\/\/ens4-caba.infd.edu.ar\/sitio\/wp-json\/wp\/v2\/posts"}],"about":[{"href":"https:\/\/ens4-caba.infd.edu.ar\/sitio\/wp-json\/wp\/v2\/types\/post"}],"author":[{"embeddable":true,"href":"https:\/\/ens4-caba.infd.edu.ar\/sitio\/wp-json\/wp\/v2\/users\/2006"}],"replies":[{"embeddable":true,"href":"https:\/\/ens4-caba.infd.edu.ar\/sitio\/wp-json\/wp\/v2\/comments?post=861"}],"version-history":[{"count":0,"href":"https:\/\/ens4-caba.infd.edu.ar\/sitio\/wp-json\/wp\/v2\/posts\/861\/revisions"}],"wp:attachment":[{"href":"https:\/\/ens4-caba.infd.edu.ar\/sitio\/wp-json\/wp\/v2\/media?parent=861"}],"wp:term":[{"taxonomy":"category","embeddable":true,"href":"https:\/\/ens4-caba.infd.edu.ar\/sitio\/wp-json\/wp\/v2\/categories?post=861"},{"taxonomy":"post_tag","embeddable":true,"href":"https:\/\/ens4-caba.infd.edu.ar\/sitio\/wp-json\/wp\/v2\/tags?post=861"}],"curies":[{"name":"wp","href":"https:\/\/api.w.org\/{rel}","templated":true}]}}